{"id":6404,"date":"2026-04-10T10:37:05","date_gmt":"2026-04-10T15:37:05","guid":{"rendered":"https:\/\/pridewinnipeg.com\/?p=6404"},"modified":"2026-04-10T10:37:09","modified_gmt":"2026-04-10T15:37:09","slug":"fierte-winnipeg-annonce-le-theme-de-2026","status":"publish","type":"post","link":"https:\/\/pridewinnipeg.com\/f\/fierte-winnipeg-annonce-le-theme-de-2026\/","title":{"rendered":"FIERT\u00c9 WINNIPEG ANNONCE LE TH\u00c8ME DE 2026"},"content":{"rendered":"<p><strong>POUR DIFFUSION IMM\u00c9DIATE<\/strong><\/p>\n\n\n\n<p><strong>Winnipeg (Manitoba), le 10 avril 2026 \u2014 <\/strong>Fiert\u00e9 Winnipeg est fi\u00e8re d\u2019annoncer le th\u00e8me&nbsp;de 2026 : <strong><em>C\u00e9l\u00e8bre qui tu es<\/em><\/strong><\/p>\n\n\n\n<figure class=\"wp-block-image size-full\"><img fetchpriority=\"high\" decoding=\"async\" width=\"953\" height=\"574\" src=\"https:\/\/pridewinnipeg.com\/wp-content\/uploads\/2026\/04\/image-1.jpeg\" alt=\"\" class=\"wp-image-6405\" srcset=\"https:\/\/pridewinnipeg.com\/wp-content\/uploads\/2026\/04\/image-1.jpeg 953w, https:\/\/pridewinnipeg.com\/wp-content\/uploads\/2026\/04\/image-1-300x181.jpeg 300w, https:\/\/pridewinnipeg.com\/wp-content\/uploads\/2026\/04\/image-1-768x463.jpeg 768w, https:\/\/pridewinnipeg.com\/wp-content\/uploads\/2026\/04\/image-1-18x12.jpeg 18w\" sizes=\"(max-width: 953px) 100vw, 953px\" \/><\/figure>\n\n\n\n<p><em>VOUS<\/em> \u00eates ce que nous c\u00e9l\u00e9brons. <em>VOUS<\/em> \u00eates la raison pour laquelle nous sommes tous ici. Le th\u00e8me de cette ann\u00e9e repr\u00e9sente l\u2019ensemble de notre communaut\u00e9&nbsp;: un message d\u2019encouragement et d\u2019amour. Le logo int\u00e8gre des formes rayonnantes, des combinaisons de couleurs vives et \u00e9nergiques, ainsi que des styles typographiques uniques pour amplifier les images de la communaut\u00e9 et cr\u00e9er un profond sentiment de c\u00e9l\u00e9bration. On y retrouve un baiser, une fleur, un soleil et une porte \u2014 des symboles qui mettent en lumi\u00e8re la diversit\u00e9 de notre communaut\u00e9. Qu\u2019il s\u2019agisse d\u2019un cadre, d\u2019une forme rayonnante ou d\u2019un arri\u00e8re-plan color\u00e9 et dynamique, l\u2019utilisation de ces \u00e9l\u00e9ments cr\u00e9e des moments d\u2019enthousiasme et de fantaisie.<\/p>\n\n\n\n<p>\u00ab&nbsp;Je suis fier de partager que le logo de cette ann\u00e9e comprend des versions en anglais et en fran\u00e7ais&nbsp;\u00bb, a d\u00e9clar\u00e9 Barry Karlenzig, pr\u00e9sident de Fiert\u00e9 Winnipeg. \u00ab&nbsp;C\u2019est la premi\u00e8re fois que nous incluons les deux langues officielles du Manitoba dans notre logo. <em>C\u00e9l\u00e8bre qui tu es<\/em> honore et promeut la communaut\u00e9 2ELGBTQ+ tout en d\u00e9fendant notre libert\u00e9 et notre \u00e9galit\u00e9&nbsp;\u00bb, ajoute-t-il. \u00ab&nbsp;Nous sommes impatients de faire du festival de la Fiert\u00e9 de Winnipeg 2026 notre \u00e9dition la plus grande et la plus vibrante \u00e0 ce jour. Rassemblons-nous pour montrer la force, l\u2019unit\u00e9 et la fiert\u00e9 de notre communaut\u00e9 ici \u00e0 Winnipeg, partout au Manitoba et dans le reste du Canada!&nbsp;\u00bb<\/p>\n\n\n\n<p>Andrew Mingo, designer local, a donn\u00e9 vie au th\u00e8me de cette ann\u00e9e. Cr\u00e9atif fier de Winnipeg, il utilise la couleur, la typographie et l\u2019imagerie pour susciter la joie dans son travail.<\/p>\n\n\n\n<p>Andrew a travaill\u00e9 en \u00e9troite collaboration avec l\u2019\u00e9quipe interne du marketing et des communications pour cr\u00e9er un th\u00e8me qui amplifie la Fiert\u00e9 comme c\u00e9l\u00e9bration des identit\u00e9s queer.<\/p>\n\n\n\n<p>\u00ab&nbsp;<em>C\u00e9l\u00e8bre qui tu es<\/em> est un message d\u2019encouragement et de r\u00e9silience d\u2019un membre de la communaut\u00e9 \u00e0 un autre. La Fiert\u00e9 est une c\u00e9l\u00e9bration de tout ce qui nous rend uniques. C\u2019est un message adress\u00e9 au monde entier pour affirmer qu\u2019il est normal d\u2019\u00eatre fier de qui l\u2019on est&nbsp;\u00bb, a d\u00e9clar\u00e9 Andrew Mingo. \u00ab&nbsp;Avec ce th\u00e8me, je voulais faire une d\u00e9claration et mettre l\u2019accent sur la raison pour laquelle nous sommes ici&nbsp;: pour VOUS!<\/p>\n\n\n\n<p>\u00ab&nbsp;Dans le monde d\u2019aujourd\u2019hui, plus que jamais&nbsp;\u00bb, poursuit-il, \u00ab&nbsp;nous devons faire face \u00e0 l\u2019adversit\u00e9 et revendiquer de meilleurs droits pour toutes et tous. Se c\u00e9l\u00e9brer mutuellement dans notre identit\u00e9 est l\u2019une des fa\u00e7ons d\u2019y parvenir. Le festival de la Fiert\u00e9 est un rappel annuel de la raison pour laquelle nous sommes l\u00e0 et le th\u00e8me choisi le souligne avec force.&nbsp;\u00bb<\/p>\n\n\n\n<p>Joignez-vous \u00e0 Fiert\u00e9 Winnipeg pour c\u00e9l\u00e9brer tout ce qui rend notre communaut\u00e9 si exceptionnelle : VOUS!<\/p>","protected":false},"excerpt":{"rendered":"<p>POUR DIFFUSION IMM\u00c9DIATE Winnipeg (Manitoba), le 10 avril 2026 \u2014 Fiert\u00e9 Winnipeg est fi\u00e8re d\u2019annoncer le th\u00e8me&nbsp;de 2026 : C\u00e9l\u00e8bre qui tu es VOUS \u00eates&hellip;<\/p>","protected":false},"author":1,"featured_media":0,"comment_status":"closed","ping_status":"open","sticky":false,"template":"","format":"standard","meta":{"_exactmetrics_skip_tracking":false,"_exactmetrics_sitenote_active":false,"_exactmetrics_sitenote_note":"","_exactmetrics_sitenote_category":0,"footnotes":""},"categories":[1],"tags":[],"class_list":["post-6404","post","type-post","status-publish","format-standard","hentry","category-uncategorized"],"_links":{"self":[{"href":"https:\/\/pridewinnipeg.com\/f\/wp-json\/wp\/v2\/posts\/6404","targetHints":{"allow":["GET"]}}],"collection":[{"href":"https:\/\/pridewinnipeg.com\/f\/wp-json\/wp\/v2\/posts"}],"about":[{"href":"https:\/\/pridewinnipeg.com\/f\/wp-json\/wp\/v2\/types\/post"}],"author":[{"embeddable":true,"href":"https:\/\/pridewinnipeg.com\/f\/wp-json\/wp\/v2\/users\/1"}],"replies":[{"embeddable":true,"href":"https:\/\/pridewinnipeg.com\/f\/wp-json\/wp\/v2\/comments?post=6404"}],"version-history":[{"count":1,"href":"https:\/\/pridewinnipeg.com\/f\/wp-json\/wp\/v2\/posts\/6404\/revisions"}],"predecessor-version":[{"id":6406,"href":"https:\/\/pridewinnipeg.com\/f\/wp-json\/wp\/v2\/posts\/6404\/revisions\/6406"}],"wp:attachment":[{"href":"https:\/\/pridewinnipeg.com\/f\/wp-json\/wp\/v2\/media?parent=6404"}],"wp:term":[{"taxonomy":"category","embeddable":true,"href":"https:\/\/pridewinnipeg.com\/f\/wp-json\/wp\/v2\/categories?post=6404"},{"taxonomy":"post_tag","embeddable":true,"href":"https:\/\/pridewinnipeg.com\/f\/wp-json\/wp\/v2\/tags?post=6404"}],"curies":[{"name":"wp","href":"https:\/\/api.w.org\/{rel}","templated":true}]}}