{"id":1239,"date":"2020-05-02T19:07:59","date_gmt":"2020-05-02T19:07:59","guid":{"rendered":"https:\/\/pridewinnipeg.com\/?p=1239"},"modified":"2020-05-02T19:08:02","modified_gmt":"2020-05-02T19:08:02","slug":"pride-winnipeg-announces-postponement-of-fierte-canada-pride-festival-to-2022","status":"publish","type":"post","link":"https:\/\/pridewinnipeg.com\/f\/pride-winnipeg-announces-postponement-of-fierte-canada-pride-festival-to-2022\/","title":{"rendered":"Fiert\u00e9 winnipeg annonce le report du festival fiert\u00e9 canada | canada pride \u00e0 2022"},"content":{"rendered":"<p>Fiert\u00e9 Winnipeg et Fiert\u00e9 Canada Pride (FCP) ont pris la d\u00e9cision de reporter \u00e0 nouveau l'\u00e9dition 2020 du festival Fiert\u00e9 Canada | Canada Pride. Cet \u00e9v\u00e9nement national destin\u00e9 \u00e0 rassembler les communaut\u00e9s canadiennes diversifi\u00e9es sur le plan du genre, de la sexualit\u00e9 et des relations aura d\u00e9sormais lieu en 2022 en raison des pr\u00e9occupations croissantes entourant la COVID-19 et des risques que posent les grands rassemblements publics et les festivals. Fiert\u00e9 Winnipeg avait annonc\u00e9 en mars que le festival serait report\u00e9 \u00e0 septembre 2020. <\/p>\n\n\n\n<p> Fiert\u00e9 Canada Pride, l\u2019association nationale des organismes de la Fiert\u00e9 et le propri\u00e9taire de la marque Fiert\u00e9 Canada, a accept\u00e9 que Fiert\u00e9 Winnipeg soit l\u2019h\u00f4te de l'\u00e9v\u00e9nement tant attendu en 2022, reconnaissant qu\u2019en raison des restrictions f\u00e9d\u00e9rales et provinciales et des pr\u00e9occupations du public concernant les grands rassemblements, les organisateurs ne pourraient pas accueillir le festival qu'ils avaient pass\u00e9 des ann\u00e9es \u00e0 pr\u00e9parer. Cette prolongation donnera \u00e0 Fiert\u00e9 Winnipeg l'occasion d'affiner davantage le festival et de faire de l'\u00e9dition 2022 tout ce qu'elle peut \u00eatre et plus encore. <\/p>\n\n\n\n<p> La d\u00e9cision de reporter le festival Fiert\u00e9 Canada | Canada Pride d\u00e9coule d\u2019un examen rigoureux et de consultations approfondies aupr\u00e8s des partenaires communautaires et internationaux, y compris FCP, et des parties prenantes. La prise en compte de la s\u00e9curit\u00e9 et du bien-\u00eatre du public a jou\u00e9 un r\u00f4le cl\u00e9 dans la d\u00e9cision. La sant\u00e9 et la s\u00e9curit\u00e9 de nos communaut\u00e9s locales diversifi\u00e9es sur le plan du genre, de la sexualit\u00e9 et des relations et celles du public qui devait voyager de partout dans le monde auraient constitu\u00e9 un trop grand risque. <\/p>\n\n\n\n<p> \u00ab Nous croyons que reporter le festival \u00e0 l'\u00e9t\u00e9 2022 est la meilleure d\u00e9cision pour tout le monde. Nous savons que de nombreuses personnes sont confront\u00e9es \u00e0 des difficult\u00e9s \u00e9conomiques et que notre pays s'efforce de mettre fin \u00e0 la pand\u00e9mie. Nous avons pris cette d\u00e9cision afin de ne pas ajouter d\u2019autres risques \u00bb, a d\u00e9clar\u00e9 Barry Karlenzig, pr\u00e9sident de Fiert\u00e9 Winnipeg. <\/p>\n\n\n\n<p> Dana Marsh, pr\u00e9sident\u00b7e de Fiert\u00e9 Canada Pride, raconte que \u00ab la fiert\u00e9 n'est pas seulement une c\u00e9l\u00e9bration, mais un hommage \u00e0 nos origines. Elle symbolise la r\u00e9silience de nos communaut\u00e9s dans les moments difficiles et il en va de m\u00eame aujourd'hui. Alors que nous faisons tous notre part pour assurer notre s\u00e9curit\u00e9 en restant chez nous, nous continuerons \u00e0 soutenir nos communaut\u00e9s. La COVID-19 touche de mani\u00e8re disproportionn\u00e9e les membres de la communaut\u00e9 2SLGBTQIA+ et il est important pour nous de faire tout notre possible pour les appuyer. En travaillant ensemble, FCP et Fiert\u00e9 Winnipeg ont h\u00e2te de c\u00e9l\u00e9brer \u00e0 l'\u00e9t\u00e9 2022 le festival Canada Pride | Fiert\u00e9 Canada avec tout le monde. Les c\u00e9l\u00e9brations de la Fiert\u00e9 auront toujours lieu cette ann\u00e9e, mais nous modifierons notre fa\u00e7on de f\u00eater. Nous exprimerons notre fiert\u00e9 \u00e0 haute voix. Nous vous encourageons \u00e0 trouver des moyens d'\u00e9tablir des liens avec votre communaut\u00e9 et \u00e0 chercher de nouvelles fa\u00e7ons de c\u00e9l\u00e9brer \u00bb. <\/p>\n\n\n\n<p>Afin de veiller \u00e0 ce que la fiert\u00e9 puisse encore \u00eatre c\u00e9l\u00e9br\u00e9e en 2020, l\u2019\u00e9quipe de Fiert\u00e9 Winnipeg est heureuse de vous faire part de ses plans visant le lancement d\u2019un festival de la Fiert\u00e9 virtuel, lequel aura lieu du 4 au 13 septembre. Plus de d\u00e9tails suivront prochainement. Fiert\u00e9 Winnipeg poursuivra la planification de son festival de 2021 comme pr\u00e9vu. <br> Fiert\u00e9 Winnipeg continuera \u00e0 communiquer avec ses partenaires et les groupes communautaires en ce qui concerne le festival Canada Pride | Fiert\u00e9 Canada qui sera tenu en 2022 et le festival de la Fiert\u00e9 virtuel 2020. Des renseignements destin\u00e9s aux partenaires communautaires, aux organismes, aux commanditaires et au public seront disponibles sur notre site Web \u00e0 l\u2019adresse https:\/\/pridewinnipeg.com\/f\/. <\/p>\n\n\n\n<p> Nous vous remercions de votre compr\u00e9hension et de votre soutien alors que nous allons de l'avant, ensemble. <\/p>","protected":false},"excerpt":{"rendered":"<p>Pride Winnipeg and Fiert\u00e9 Canada Pride (FCP) announce the decision to further postpone the 2020 edition of the Fiert\u00e9 Canada\/Canada Pride Festival. This national event&hellip;<\/p>","protected":false},"author":1,"featured_media":0,"comment_status":"closed","ping_status":"open","sticky":false,"template":"","format":"standard","meta":{"_exactmetrics_skip_tracking":false,"_exactmetrics_sitenote_active":false,"_exactmetrics_sitenote_note":"","_exactmetrics_sitenote_category":0,"footnotes":""},"categories":[1],"tags":[],"class_list":["post-1239","post","type-post","status-publish","format-standard","hentry","category-uncategorized"],"_links":{"self":[{"href":"https:\/\/pridewinnipeg.com\/f\/wp-json\/wp\/v2\/posts\/1239","targetHints":{"allow":["GET"]}}],"collection":[{"href":"https:\/\/pridewinnipeg.com\/f\/wp-json\/wp\/v2\/posts"}],"about":[{"href":"https:\/\/pridewinnipeg.com\/f\/wp-json\/wp\/v2\/types\/post"}],"author":[{"embeddable":true,"href":"https:\/\/pridewinnipeg.com\/f\/wp-json\/wp\/v2\/users\/1"}],"replies":[{"embeddable":true,"href":"https:\/\/pridewinnipeg.com\/f\/wp-json\/wp\/v2\/comments?post=1239"}],"version-history":[{"count":1,"href":"https:\/\/pridewinnipeg.com\/f\/wp-json\/wp\/v2\/posts\/1239\/revisions"}],"predecessor-version":[{"id":1240,"href":"https:\/\/pridewinnipeg.com\/f\/wp-json\/wp\/v2\/posts\/1239\/revisions\/1240"}],"wp:attachment":[{"href":"https:\/\/pridewinnipeg.com\/f\/wp-json\/wp\/v2\/media?parent=1239"}],"wp:term":[{"taxonomy":"category","embeddable":true,"href":"https:\/\/pridewinnipeg.com\/f\/wp-json\/wp\/v2\/categories?post=1239"},{"taxonomy":"post_tag","embeddable":true,"href":"https:\/\/pridewinnipeg.com\/f\/wp-json\/wp\/v2\/tags?post=1239"}],"curies":[{"name":"wp","href":"https:\/\/api.w.org\/{rel}","templated":true}]}}